{"id":1377,"date":"2020-11-19T15:56:03","date_gmt":"2020-11-19T13:56:03","guid":{"rendered":"http:\/\/sufletinoglinda.ro\/?p=1377"},"modified":"2020-11-24T19:14:55","modified_gmt":"2020-11-24T17:14:55","slug":"maine-pasii-ni-destrama","status":"publish","type":"post","link":"https:\/\/sufletinoglinda.ro\/?p=1377","title":{"rendered":"M\u00e2ine pa\u015fii ni destram\u0103"},"content":{"rendered":"<p>M\u00e2ine pa\u015fii ni destram\u0103, sub fo\u015fnet u\u015for de frunze<br>\n\u00cen miros de toamn\u0103 ud\u0103, de p\u0103m\u00e2nt \u015fi prea mult dor<br>\nG\u00e2nduri valuri \u00eemi ascund, trist sub bruma ochilor<br>\nCum s\u0103 \u00eel a\u015ftern pe m\u00e2ine, peste margini reci de buze?<\/p>\n<p>Cum s\u0103 te ascund \u00een \u015foapt\u0103, c\u00e2nd mi-e\u015fti urlet stors din piept<br>\nAnotimpuri f\u0103r\u0103 urm\u0103, c\u00e2nd nu \u015ftiu de pleci sau vii<br>\nPoate m\u00e2ine ne destram\u0103, dar azi \u00eenc\u0103 mai a\u015ftept<br>\nS\u0103 \u0219tergi toamna grea din suflet \u015fi din ochii prea pustii.<\/p>\n\n\n<figure class=\"wp-block-image\"><img alt=\"\"\/><\/figure>\n<div style=\"margin-top: 0px; margin-bottom: 0px;\" class=\"sharethis-inline-share-buttons\" ><\/div><div id=\"fb-root\"><\/div><script src=\"http:\/\/connect.facebook.net\/ro_RO\/all.js#xfbml=1\"><\/script><fb:like href=\"https:\/\/sufletinoglinda.ro\/?p=1377\" send=\"true\" layout=\"standard\" width=\"450\" show_faces=\"true\" font=\"arial\" action=\"like\" colorscheme=\"light\"><\/fb:like>","protected":false},"excerpt":{"rendered":"<p>M\u00e2ine pa\u015fii ni destram\u0103, sub fo\u015fnet u\u015for de frunze \u00cen miros de toamn\u0103 ud\u0103, de p\u0103m\u00e2nt \u015fi prea [&hellip;]<\/p>\n","protected":false},"author":1,"featured_media":1378,"comment_status":"open","ping_status":"open","sticky":true,"template":"","format":"image","meta":{"spay_email":"","jetpack_publicize_message":"","jetpack_is_tweetstorm":false,"jetpack_publicize_feature_enabled":true},"categories":[1],"tags":[],"jetpack_featured_media_url":"https:\/\/sufletinoglinda.ro\/wp-content\/uploads\/2020\/11\/griji-de-toamna-83860.jpg","jetpack_publicize_connections":[],"jetpack_sharing_enabled":true,"jetpack_shortlink":"https:\/\/wp.me\/p9DH9y-md","_links":{"self":[{"href":"https:\/\/sufletinoglinda.ro\/index.php?rest_route=\/wp\/v2\/posts\/1377"}],"collection":[{"href":"https:\/\/sufletinoglinda.ro\/index.php?rest_route=\/wp\/v2\/posts"}],"about":[{"href":"https:\/\/sufletinoglinda.ro\/index.php?rest_route=\/wp\/v2\/types\/post"}],"author":[{"embeddable":true,"href":"https:\/\/sufletinoglinda.ro\/index.php?rest_route=\/wp\/v2\/users\/1"}],"replies":[{"embeddable":true,"href":"https:\/\/sufletinoglinda.ro\/index.php?rest_route=%2Fwp%2Fv2%2Fcomments&post=1377"}],"version-history":[{"count":2,"href":"https:\/\/sufletinoglinda.ro\/index.php?rest_route=\/wp\/v2\/posts\/1377\/revisions"}],"predecessor-version":[{"id":1381,"href":"https:\/\/sufletinoglinda.ro\/index.php?rest_route=\/wp\/v2\/posts\/1377\/revisions\/1381"}],"wp:featuredmedia":[{"embeddable":true,"href":"https:\/\/sufletinoglinda.ro\/index.php?rest_route=\/wp\/v2\/media\/1378"}],"wp:attachment":[{"href":"https:\/\/sufletinoglinda.ro\/index.php?rest_route=%2Fwp%2Fv2%2Fmedia&parent=1377"}],"wp:term":[{"taxonomy":"category","embeddable":true,"href":"https:\/\/sufletinoglinda.ro\/index.php?rest_route=%2Fwp%2Fv2%2Fcategories&post=1377"},{"taxonomy":"post_tag","embeddable":true,"href":"https:\/\/sufletinoglinda.ro\/index.php?rest_route=%2Fwp%2Fv2%2Ftags&post=1377"}],"curies":[{"name":"wp","href":"https:\/\/api.w.org\/{rel}","templated":true}]}}