{"id":167,"date":"2014-06-06T16:29:40","date_gmt":"2014-06-06T16:29:40","guid":{"rendered":"http:\/\/sufletinoglinda.ro\/?p=167"},"modified":"2018-07-07T12:11:53","modified_gmt":"2018-07-07T10:11:53","slug":"imi-amintesc-de-tine","status":"publish","type":"post","link":"https:\/\/sufletinoglinda.ro\/?p=167","title":{"rendered":"\u00cemi amintesc de tine"},"content":{"rendered":"<p>\u00cemi amintesc de tine.<br \/>\nDefapt nici nu e nevoie s\u0103-mi amintesc, e\u0219ti aici.<br \/>\nUnori ca un vis, alteori \u00eenso\u021bit de un suspin sau doar t\u0103cere.<br \/>\nTe las s\u0103 zbori, cine ar avea dreptul s\u0103 \u00ee\u021bi fr\u00e2ng\u0103 vreodat\u0103 aripile? Te las s\u0103 pleci, tocmai \u00een ceasul \u00een care aman\u021bii \u00ee\u0219i p\u0103r\u0103sesc iubitele de-o noapte, dar \u0219tiu, te vei \u00eentoarce. \u00cemi amintesc asta.<br \/>\nTe vei \u00eentoarce \u00een amurg, vom prinde stele \u00een palmele goale \u0219i vom asculta muzica lini\u0219tii din noapte.<br \/>\nAi s\u0103 \u00eemi a\u0219terni \u00een suflet vise \u0219i roua iubirii pe buze.<br \/>\nEu, am s\u0103 \u00eemi str\u00e2ng g\u00e2ndurile din tumultul vie\u021bii s\u0103 nu le distrug\u0103 ploaia timpului, a\u0219a nu va trebui s\u0103 \u00eemi amintesc vreodat\u0103 de tine. Vei fi mereu aici.<\/p>\n<p><a href=\"http:\/\/sufletinoglinda.ro\/wp-content\/uploads\/2014\/06\/images-7.jpg\"><img loading=\"lazy\" src=\"http:\/\/sufletinoglinda.ro\/wp-content\/uploads\/2014\/06\/images-7.jpg\" alt=\"images (7)\" width=\"225\" height=\"225\" class=\"alignnone size-full wp-image-168\" srcset=\"https:\/\/sufletinoglinda.ro\/wp-content\/uploads\/2014\/06\/images-7.jpg 225w, https:\/\/sufletinoglinda.ro\/wp-content\/uploads\/2014\/06\/images-7-150x150.jpg 150w\" sizes=\"(max-width: 225px) 94vw, 225px\" \/><\/a><\/p>\n<div style=\"margin-top: 0px; margin-bottom: 0px;\" class=\"sharethis-inline-share-buttons\" ><\/div><div id=\"fb-root\"><\/div><script src=\"http:\/\/connect.facebook.net\/ro_RO\/all.js#xfbml=1\"><\/script><fb:like href=\"https:\/\/sufletinoglinda.ro\/?p=167\" send=\"true\" layout=\"standard\" width=\"450\" show_faces=\"true\" font=\"arial\" action=\"like\" colorscheme=\"light\"><\/fb:like>","protected":false},"excerpt":{"rendered":"<p>\u00cemi amintesc de tine. Defapt nici nu e nevoie s\u0103-mi amintesc, e\u0219ti aici. Unori ca un vis, alteori [&hellip;]<\/p>\n","protected":false},"author":1,"featured_media":0,"comment_status":"open","ping_status":"open","sticky":false,"template":"","format":"standard","meta":{"spay_email":"","jetpack_publicize_message":"","jetpack_is_tweetstorm":false,"jetpack_publicize_feature_enabled":true},"categories":[1],"tags":[],"jetpack_featured_media_url":"","jetpack_publicize_connections":[],"jetpack_sharing_enabled":true,"jetpack_shortlink":"https:\/\/wp.me\/p9DH9y-2H","_links":{"self":[{"href":"https:\/\/sufletinoglinda.ro\/index.php?rest_route=\/wp\/v2\/posts\/167"}],"collection":[{"href":"https:\/\/sufletinoglinda.ro\/index.php?rest_route=\/wp\/v2\/posts"}],"about":[{"href":"https:\/\/sufletinoglinda.ro\/index.php?rest_route=\/wp\/v2\/types\/post"}],"author":[{"embeddable":true,"href":"https:\/\/sufletinoglinda.ro\/index.php?rest_route=\/wp\/v2\/users\/1"}],"replies":[{"embeddable":true,"href":"https:\/\/sufletinoglinda.ro\/index.php?rest_route=%2Fwp%2Fv2%2Fcomments&post=167"}],"version-history":[{"count":5,"href":"https:\/\/sufletinoglinda.ro\/index.php?rest_route=\/wp\/v2\/posts\/167\/revisions"}],"predecessor-version":[{"id":843,"href":"https:\/\/sufletinoglinda.ro\/index.php?rest_route=\/wp\/v2\/posts\/167\/revisions\/843"}],"wp:attachment":[{"href":"https:\/\/sufletinoglinda.ro\/index.php?rest_route=%2Fwp%2Fv2%2Fmedia&parent=167"}],"wp:term":[{"taxonomy":"category","embeddable":true,"href":"https:\/\/sufletinoglinda.ro\/index.php?rest_route=%2Fwp%2Fv2%2Fcategories&post=167"},{"taxonomy":"post_tag","embeddable":true,"href":"https:\/\/sufletinoglinda.ro\/index.php?rest_route=%2Fwp%2Fv2%2Ftags&post=167"}],"curies":[{"name":"wp","href":"https:\/\/api.w.org\/{rel}","templated":true}]}}