{"id":459,"date":"2015-08-18T19:10:56","date_gmt":"2015-08-18T19:10:56","guid":{"rendered":"http:\/\/sufletinoglinda.ro\/?p=459"},"modified":"2015-08-18T19:27:03","modified_gmt":"2015-08-18T19:27:03","slug":"si-florile-pier","status":"publish","type":"post","link":"https:\/\/sufletinoglinda.ro\/?p=459","title":{"rendered":"\u0218i florile pier"},"content":{"rendered":"<p>Peste urma pa\u0219ilor t\u0103i azi-noapte a nins,<br \/>\nte-am strigat, cu ochii lacomi, glasul stins<br \/>\n\u00eencotro te \u00eendrep\u021bi, sau cui s\u0103 te cer?<br \/>\nAm s\u0103-\u021bi a\u0219tern din suflet, iert\u0103rile \u00een vis<br \/>\nc\u0103ci p\u00e2n\u0103 la urm\u0103 \u0219i florile pier.<\/p>\n<p>Clipele trec, f\u0103r\u00e2me din mine \u00een tain\u0103 se fr\u00e2ng<br \/>\nt\u0103cerile dor, sub buze ce tare se str\u00e2ng<br \/>\nm\u0103 mistuie r\u0103ni s\u00e2nger\u00e2nde \u0219i zbier&#8230;<br \/>\ncu toat\u0103 disperarea \u00eencerc s\u0103 te ating<br \/>\ndar p\u0103n\u0103 la urm\u0103 \u0219i florile pier.<\/p>\n<p><a href=\"http:\/\/sufletinoglinda.ro\/wp-content\/uploads\/2015\/08\/1196151.jpg\"><img loading=\"lazy\" src=\"http:\/\/sufletinoglinda.ro\/wp-content\/uploads\/2015\/08\/1196151-300x192.jpg\" alt=\"1196151\" width=\"300\" height=\"192\" class=\"alignnone size-medium wp-image-461\" srcset=\"https:\/\/sufletinoglinda.ro\/wp-content\/uploads\/2015\/08\/1196151-300x192.jpg 300w, https:\/\/sufletinoglinda.ro\/wp-content\/uploads\/2015\/08\/1196151.jpg 650w\" sizes=\"(max-width: 300px) 94vw, 300px\" \/><\/a><\/p>\n<div style=\"margin-top: 0px; margin-bottom: 0px;\" class=\"sharethis-inline-share-buttons\" ><\/div><div id=\"fb-root\"><\/div><script src=\"http:\/\/connect.facebook.net\/ro_RO\/all.js#xfbml=1\"><\/script><fb:like href=\"https:\/\/sufletinoglinda.ro\/?p=459\" send=\"true\" layout=\"standard\" width=\"450\" show_faces=\"true\" font=\"arial\" action=\"like\" colorscheme=\"light\"><\/fb:like>","protected":false},"excerpt":{"rendered":"<p>Peste urma pa\u0219ilor t\u0103i azi-noapte a nins, te-am strigat, cu ochii lacomi, glasul stins \u00eencotro te \u00eendrep\u021bi, sau [&hellip;]<\/p>\n","protected":false},"author":1,"featured_media":0,"comment_status":"open","ping_status":"open","sticky":false,"template":"","format":"standard","meta":{"spay_email":"","jetpack_publicize_message":"","jetpack_is_tweetstorm":false,"jetpack_publicize_feature_enabled":true},"categories":[1,5],"tags":[],"jetpack_featured_media_url":"","jetpack_publicize_connections":[],"jetpack_sharing_enabled":true,"jetpack_shortlink":"https:\/\/wp.me\/p9DH9y-7p","_links":{"self":[{"href":"https:\/\/sufletinoglinda.ro\/index.php?rest_route=\/wp\/v2\/posts\/459"}],"collection":[{"href":"https:\/\/sufletinoglinda.ro\/index.php?rest_route=\/wp\/v2\/posts"}],"about":[{"href":"https:\/\/sufletinoglinda.ro\/index.php?rest_route=\/wp\/v2\/types\/post"}],"author":[{"embeddable":true,"href":"https:\/\/sufletinoglinda.ro\/index.php?rest_route=\/wp\/v2\/users\/1"}],"replies":[{"embeddable":true,"href":"https:\/\/sufletinoglinda.ro\/index.php?rest_route=%2Fwp%2Fv2%2Fcomments&post=459"}],"version-history":[{"count":3,"href":"https:\/\/sufletinoglinda.ro\/index.php?rest_route=\/wp\/v2\/posts\/459\/revisions"}],"predecessor-version":[{"id":464,"href":"https:\/\/sufletinoglinda.ro\/index.php?rest_route=\/wp\/v2\/posts\/459\/revisions\/464"}],"wp:attachment":[{"href":"https:\/\/sufletinoglinda.ro\/index.php?rest_route=%2Fwp%2Fv2%2Fmedia&parent=459"}],"wp:term":[{"taxonomy":"category","embeddable":true,"href":"https:\/\/sufletinoglinda.ro\/index.php?rest_route=%2Fwp%2Fv2%2Fcategories&post=459"},{"taxonomy":"post_tag","embeddable":true,"href":"https:\/\/sufletinoglinda.ro\/index.php?rest_route=%2Fwp%2Fv2%2Ftags&post=459"}],"curies":[{"name":"wp","href":"https:\/\/api.w.org\/{rel}","templated":true}]}}